{"id":15197,"date":"2024-03-31T07:30:05","date_gmt":"2024-03-31T05:30:05","guid":{"rendered":"https:\/\/www.jobs.ch\/de\/job-coach\/?p=15197"},"modified":"2024-11-18T11:22:56","modified_gmt":"2024-11-18T09:22:56","slug":"internationaler-tag-der-sichtbarkeit-von-transgender-warum-ist-er-wichtig-fuer-unsere-arbeitswelt","status":"publish","type":"post","link":"https:\/\/www.jobs.ch\/de\/job-coach\/internationaler-tag-der-sichtbarkeit-von-transgender-warum-ist-er-wichtig-fuer-unsere-arbeitswelt\/","title":{"rendered":"Internationaler Tag der Sichtbarkeit von Transgender: Warum ist er wichtig f\u00fcr unsere Arbeitswelt?"},"content":{"rendered":"","protected":false},"excerpt":{"rendered":"","protected":false},"author":36,"featured_media":15198,"comment_status":"open","ping_status":"open","sticky":false,"template":"","format":"standard","meta":{"_acf_changed":false,"footnotes":""},"categories":[1582],"tags":[1594,1596,813,1636,1595],"class_list":["post-15197","post","type-post","status-publish","format-standard","has-post-thumbnail","hentry","category-diversity","tag-diversitaet","tag-diversity","tag-lgbtqi","tag-seasonal","tag-transgender"],"acf":[],"yoast_head":"<!-- This site is optimized with the Yoast SEO plugin v27.2 - https:\/\/yoast.com\/product\/yoast-seo-wordpress\/ -->\n<title>Transgender-Sichtbarkeitstag: Bedeutung &amp; Arbeit<\/title>\n<meta name=\"description\" content=\"Lies nach, warum der Internationale Tag der Sichtbarkeit von Transgender essenziell f\u00fcr Vielfalt und Inklusion in unserer Arbeitswelt ist.\" \/>\n<meta name=\"robots\" content=\"index, follow, max-snippet:-1, max-image-preview:large, max-video-preview:-1\" \/>\n<link rel=\"canonical\" href=\"https:\/\/www.jobs.ch\/de\/job-coach\/internationaler-tag-der-sichtbarkeit-von-transgender-warum-ist-er-wichtig-fuer-unsere-arbeitswelt\/\" \/>\n<meta property=\"og:locale\" content=\"de_DE\" \/>\n<meta property=\"og:type\" content=\"article\" \/>\n<meta property=\"og:title\" content=\"Transgender-Sichtbarkeitstag: Bedeutung &amp; Arbeit\" \/>\n<meta property=\"og:description\" content=\"Lies nach, warum der Internationale Tag der Sichtbarkeit von Transgender essenziell f\u00fcr Vielfalt und Inklusion in unserer Arbeitswelt ist.\" \/>\n<meta property=\"og:url\" content=\"https:\/\/www.jobs.ch\/de\/job-coach\/internationaler-tag-der-sichtbarkeit-von-transgender-warum-ist-er-wichtig-fuer-unsere-arbeitswelt\/\" \/>\n<meta property=\"og:site_name\" content=\"Willkommen im jobs.ch Job Coach mit News zu Jobs &amp; Bewerbungen\" \/>\n<meta property=\"article:published_time\" content=\"2024-03-31T05:30:05+00:00\" \/>\n<meta property=\"article:modified_time\" content=\"2024-11-18T09:22:56+00:00\" \/>\n<meta property=\"og:image\" content=\"https:\/\/www.jobs.ch\/de\/job-coach\/wp-content\/uploads\/2024\/03\/internationaler-tag-transgender-sichtbarkeit.jpg\" \/>\n\t<meta property=\"og:image:width\" content=\"1025\" \/>\n\t<meta property=\"og:image:height\" content=\"450\" \/>\n\t<meta property=\"og:image:type\" content=\"image\/jpeg\" \/>\n<meta name=\"author\" content=\"Carmen B\u00fchler\" \/>\n<meta name=\"twitter:card\" content=\"summary_large_image\" \/>\n<meta name=\"twitter:label1\" content=\"Verfasst von\" \/>\n\t<meta name=\"twitter:data1\" content=\"Carmen B\u00fchler\" \/>\n\t<meta name=\"twitter:label2\" content=\"Gesch\u00e4tzte Lesezeit\" \/>\n\t<meta name=\"twitter:data2\" content=\"1\u00a0Minute\" \/>\n<script type=\"application\/ld+json\" class=\"yoast-schema-graph\">{\"@context\":\"https:\/\/schema.org\",\"@graph\":[{\"@type\":\"Article\",\"@id\":\"https:\/\/www.jobs.ch\/de\/job-coach\/internationaler-tag-der-sichtbarkeit-von-transgender-warum-ist-er-wichtig-fuer-unsere-arbeitswelt\/#article\",\"isPartOf\":{\"@id\":\"https:\/\/www.jobs.ch\/de\/job-coach\/internationaler-tag-der-sichtbarkeit-von-transgender-warum-ist-er-wichtig-fuer-unsere-arbeitswelt\/\"},\"author\":{\"name\":\"Carmen B\u00fchler\",\"@id\":\"https:\/\/www.jobs.ch\/de\/job-coach\/#\/schema\/person\/170b9af6926b8fa260578118a72c501c\"},\"headline\":\"Internationaler Tag der Sichtbarkeit von Transgender: Warum ist er wichtig f\u00fcr unsere Arbeitswelt?\",\"datePublished\":\"2024-03-31T05:30:05+00:00\",\"dateModified\":\"2024-11-18T09:22:56+00:00\",\"mainEntityOfPage\":{\"@id\":\"https:\/\/www.jobs.ch\/de\/job-coach\/internationaler-tag-der-sichtbarkeit-von-transgender-warum-ist-er-wichtig-fuer-unsere-arbeitswelt\/\"},\"wordCount\":14,\"commentCount\":0,\"image\":{\"@id\":\"https:\/\/www.jobs.ch\/de\/job-coach\/internationaler-tag-der-sichtbarkeit-von-transgender-warum-ist-er-wichtig-fuer-unsere-arbeitswelt\/#primaryimage\"},\"thumbnailUrl\":\"https:\/\/www.jobs.ch\/de\/job-coach\/wp-content\/uploads\/2024\/03\/internationaler-tag-transgender-sichtbarkeit.jpg\",\"keywords\":[\"Diversit\u00e4t\",\"Diversity\",\"LGBTQI\",\"seasonal\",\"Transgender\"],\"articleSection\":[\"Diversit\u00e4t | Diversity\"],\"inLanguage\":\"de\",\"potentialAction\":[{\"@type\":\"CommentAction\",\"name\":\"Comment\",\"target\":[\"https:\/\/www.jobs.ch\/de\/job-coach\/internationaler-tag-der-sichtbarkeit-von-transgender-warum-ist-er-wichtig-fuer-unsere-arbeitswelt\/#respond\"]}]},{\"@type\":\"WebPage\",\"@id\":\"https:\/\/www.jobs.ch\/de\/job-coach\/internationaler-tag-der-sichtbarkeit-von-transgender-warum-ist-er-wichtig-fuer-unsere-arbeitswelt\/\",\"url\":\"https:\/\/www.jobs.ch\/de\/job-coach\/internationaler-tag-der-sichtbarkeit-von-transgender-warum-ist-er-wichtig-fuer-unsere-arbeitswelt\/\",\"name\":\"Transgender-Sichtbarkeitstag: Bedeutung & Arbeit\",\"isPartOf\":{\"@id\":\"https:\/\/www.jobs.ch\/de\/job-coach\/#website\"},\"primaryImageOfPage\":{\"@id\":\"https:\/\/www.jobs.ch\/de\/job-coach\/internationaler-tag-der-sichtbarkeit-von-transgender-warum-ist-er-wichtig-fuer-unsere-arbeitswelt\/#primaryimage\"},\"image\":{\"@id\":\"https:\/\/www.jobs.ch\/de\/job-coach\/internationaler-tag-der-sichtbarkeit-von-transgender-warum-ist-er-wichtig-fuer-unsere-arbeitswelt\/#primaryimage\"},\"thumbnailUrl\":\"https:\/\/www.jobs.ch\/de\/job-coach\/wp-content\/uploads\/2024\/03\/internationaler-tag-transgender-sichtbarkeit.jpg\",\"datePublished\":\"2024-03-31T05:30:05+00:00\",\"dateModified\":\"2024-11-18T09:22:56+00:00\",\"author\":{\"@id\":\"https:\/\/www.jobs.ch\/de\/job-coach\/#\/schema\/person\/170b9af6926b8fa260578118a72c501c\"},\"description\":\"Lies nach, warum der Internationale Tag der Sichtbarkeit von Transgender essenziell f\u00fcr Vielfalt und Inklusion in unserer Arbeitswelt ist.\",\"breadcrumb\":{\"@id\":\"https:\/\/www.jobs.ch\/de\/job-coach\/internationaler-tag-der-sichtbarkeit-von-transgender-warum-ist-er-wichtig-fuer-unsere-arbeitswelt\/#breadcrumb\"},\"inLanguage\":\"de\",\"potentialAction\":[{\"@type\":\"ReadAction\",\"target\":[\"https:\/\/www.jobs.ch\/de\/job-coach\/internationaler-tag-der-sichtbarkeit-von-transgender-warum-ist-er-wichtig-fuer-unsere-arbeitswelt\/\"]}]},{\"@type\":\"ImageObject\",\"inLanguage\":\"de\",\"@id\":\"https:\/\/www.jobs.ch\/de\/job-coach\/internationaler-tag-der-sichtbarkeit-von-transgender-warum-ist-er-wichtig-fuer-unsere-arbeitswelt\/#primaryimage\",\"url\":\"https:\/\/www.jobs.ch\/de\/job-coach\/wp-content\/uploads\/2024\/03\/internationaler-tag-transgender-sichtbarkeit.jpg\",\"contentUrl\":\"https:\/\/www.jobs.ch\/de\/job-coach\/wp-content\/uploads\/2024\/03\/internationaler-tag-transgender-sichtbarkeit.jpg\",\"width\":1025,\"height\":450},{\"@type\":\"BreadcrumbList\",\"@id\":\"https:\/\/www.jobs.ch\/de\/job-coach\/internationaler-tag-der-sichtbarkeit-von-transgender-warum-ist-er-wichtig-fuer-unsere-arbeitswelt\/#breadcrumb\",\"itemListElement\":[{\"@type\":\"ListItem\",\"position\":1,\"name\":\"Job Coach\",\"item\":\"https:\/\/www.jobs.ch\/de\/job-coach\/\"},{\"@type\":\"ListItem\",\"position\":2,\"name\":\"Internationaler Tag der Sichtbarkeit von Transgender: Warum ist er wichtig f\u00fcr unsere Arbeitswelt?\"}]},{\"@type\":\"WebSite\",\"@id\":\"https:\/\/www.jobs.ch\/de\/job-coach\/#website\",\"url\":\"https:\/\/www.jobs.ch\/de\/job-coach\/\",\"name\":\"Willkommen im jobs.ch Job Coach mit News zu Jobs &amp; Bewerbungen\",\"description\":\"\",\"potentialAction\":[{\"@type\":\"SearchAction\",\"target\":{\"@type\":\"EntryPoint\",\"urlTemplate\":\"https:\/\/www.jobs.ch\/de\/job-coach\/?s={search_term_string}\"},\"query-input\":{\"@type\":\"PropertyValueSpecification\",\"valueRequired\":true,\"valueName\":\"search_term_string\"}}],\"inLanguage\":\"de\"},{\"@type\":\"Person\",\"@id\":\"https:\/\/www.jobs.ch\/de\/job-coach\/#\/schema\/person\/170b9af6926b8fa260578118a72c501c\",\"name\":\"Carmen B\u00fchler\",\"image\":{\"@type\":\"ImageObject\",\"inLanguage\":\"de\",\"@id\":\"https:\/\/secure.gravatar.com\/avatar\/385df2b87668de6f41a4cba11f041d6b9b2ca98cd4c9381729185823d37f3218?s=96&d=mm&r=g\",\"url\":\"https:\/\/secure.gravatar.com\/avatar\/385df2b87668de6f41a4cba11f041d6b9b2ca98cd4c9381729185823d37f3218?s=96&d=mm&r=g\",\"contentUrl\":\"https:\/\/secure.gravatar.com\/avatar\/385df2b87668de6f41a4cba11f041d6b9b2ca98cd4c9381729185823d37f3218?s=96&d=mm&r=g\",\"caption\":\"Carmen B\u00fchler\"},\"url\":\"https:\/\/www.jobs.ch\/de\/job-coach\/author\/cbuehler\/\"}]}<\/script>\n<!-- \/ Yoast SEO plugin. -->","yoast_head_json":{"title":"Transgender-Sichtbarkeitstag: Bedeutung & Arbeit","description":"Lies nach, warum der Internationale Tag der Sichtbarkeit von Transgender essenziell f\u00fcr Vielfalt und Inklusion in unserer Arbeitswelt ist.","robots":{"index":"index","follow":"follow","max-snippet":"max-snippet:-1","max-image-preview":"max-image-preview:large","max-video-preview":"max-video-preview:-1"},"canonical":"https:\/\/www.jobs.ch\/de\/job-coach\/internationaler-tag-der-sichtbarkeit-von-transgender-warum-ist-er-wichtig-fuer-unsere-arbeitswelt\/","og_locale":"de_DE","og_type":"article","og_title":"Transgender-Sichtbarkeitstag: Bedeutung & Arbeit","og_description":"Lies nach, warum der Internationale Tag der Sichtbarkeit von Transgender essenziell f\u00fcr Vielfalt und Inklusion in unserer Arbeitswelt ist.","og_url":"https:\/\/www.jobs.ch\/de\/job-coach\/internationaler-tag-der-sichtbarkeit-von-transgender-warum-ist-er-wichtig-fuer-unsere-arbeitswelt\/","og_site_name":"Willkommen im jobs.ch Job Coach mit News zu Jobs &amp; Bewerbungen","article_published_time":"2024-03-31T05:30:05+00:00","article_modified_time":"2024-11-18T09:22:56+00:00","og_image":[{"width":1025,"height":450,"url":"https:\/\/www.jobs.ch\/de\/job-coach\/wp-content\/uploads\/2024\/03\/internationaler-tag-transgender-sichtbarkeit.jpg","type":"image\/jpeg"}],"author":"Carmen B\u00fchler","twitter_card":"summary_large_image","twitter_misc":{"Verfasst von":"Carmen B\u00fchler","Gesch\u00e4tzte Lesezeit":"1\u00a0Minute"},"schema":{"@context":"https:\/\/schema.org","@graph":[{"@type":"Article","@id":"https:\/\/www.jobs.ch\/de\/job-coach\/internationaler-tag-der-sichtbarkeit-von-transgender-warum-ist-er-wichtig-fuer-unsere-arbeitswelt\/#article","isPartOf":{"@id":"https:\/\/www.jobs.ch\/de\/job-coach\/internationaler-tag-der-sichtbarkeit-von-transgender-warum-ist-er-wichtig-fuer-unsere-arbeitswelt\/"},"author":{"name":"Carmen B\u00fchler","@id":"https:\/\/www.jobs.ch\/de\/job-coach\/#\/schema\/person\/170b9af6926b8fa260578118a72c501c"},"headline":"Internationaler Tag der Sichtbarkeit von Transgender: Warum ist er wichtig f\u00fcr unsere Arbeitswelt?","datePublished":"2024-03-31T05:30:05+00:00","dateModified":"2024-11-18T09:22:56+00:00","mainEntityOfPage":{"@id":"https:\/\/www.jobs.ch\/de\/job-coach\/internationaler-tag-der-sichtbarkeit-von-transgender-warum-ist-er-wichtig-fuer-unsere-arbeitswelt\/"},"wordCount":14,"commentCount":0,"image":{"@id":"https:\/\/www.jobs.ch\/de\/job-coach\/internationaler-tag-der-sichtbarkeit-von-transgender-warum-ist-er-wichtig-fuer-unsere-arbeitswelt\/#primaryimage"},"thumbnailUrl":"https:\/\/www.jobs.ch\/de\/job-coach\/wp-content\/uploads\/2024\/03\/internationaler-tag-transgender-sichtbarkeit.jpg","keywords":["Diversit\u00e4t","Diversity","LGBTQI","seasonal","Transgender"],"articleSection":["Diversit\u00e4t | Diversity"],"inLanguage":"de","potentialAction":[{"@type":"CommentAction","name":"Comment","target":["https:\/\/www.jobs.ch\/de\/job-coach\/internationaler-tag-der-sichtbarkeit-von-transgender-warum-ist-er-wichtig-fuer-unsere-arbeitswelt\/#respond"]}]},{"@type":"WebPage","@id":"https:\/\/www.jobs.ch\/de\/job-coach\/internationaler-tag-der-sichtbarkeit-von-transgender-warum-ist-er-wichtig-fuer-unsere-arbeitswelt\/","url":"https:\/\/www.jobs.ch\/de\/job-coach\/internationaler-tag-der-sichtbarkeit-von-transgender-warum-ist-er-wichtig-fuer-unsere-arbeitswelt\/","name":"Transgender-Sichtbarkeitstag: Bedeutung & Arbeit","isPartOf":{"@id":"https:\/\/www.jobs.ch\/de\/job-coach\/#website"},"primaryImageOfPage":{"@id":"https:\/\/www.jobs.ch\/de\/job-coach\/internationaler-tag-der-sichtbarkeit-von-transgender-warum-ist-er-wichtig-fuer-unsere-arbeitswelt\/#primaryimage"},"image":{"@id":"https:\/\/www.jobs.ch\/de\/job-coach\/internationaler-tag-der-sichtbarkeit-von-transgender-warum-ist-er-wichtig-fuer-unsere-arbeitswelt\/#primaryimage"},"thumbnailUrl":"https:\/\/www.jobs.ch\/de\/job-coach\/wp-content\/uploads\/2024\/03\/internationaler-tag-transgender-sichtbarkeit.jpg","datePublished":"2024-03-31T05:30:05+00:00","dateModified":"2024-11-18T09:22:56+00:00","author":{"@id":"https:\/\/www.jobs.ch\/de\/job-coach\/#\/schema\/person\/170b9af6926b8fa260578118a72c501c"},"description":"Lies nach, warum der Internationale Tag der Sichtbarkeit von Transgender essenziell f\u00fcr Vielfalt und Inklusion in unserer Arbeitswelt ist.","breadcrumb":{"@id":"https:\/\/www.jobs.ch\/de\/job-coach\/internationaler-tag-der-sichtbarkeit-von-transgender-warum-ist-er-wichtig-fuer-unsere-arbeitswelt\/#breadcrumb"},"inLanguage":"de","potentialAction":[{"@type":"ReadAction","target":["https:\/\/www.jobs.ch\/de\/job-coach\/internationaler-tag-der-sichtbarkeit-von-transgender-warum-ist-er-wichtig-fuer-unsere-arbeitswelt\/"]}]},{"@type":"ImageObject","inLanguage":"de","@id":"https:\/\/www.jobs.ch\/de\/job-coach\/internationaler-tag-der-sichtbarkeit-von-transgender-warum-ist-er-wichtig-fuer-unsere-arbeitswelt\/#primaryimage","url":"https:\/\/www.jobs.ch\/de\/job-coach\/wp-content\/uploads\/2024\/03\/internationaler-tag-transgender-sichtbarkeit.jpg","contentUrl":"https:\/\/www.jobs.ch\/de\/job-coach\/wp-content\/uploads\/2024\/03\/internationaler-tag-transgender-sichtbarkeit.jpg","width":1025,"height":450},{"@type":"BreadcrumbList","@id":"https:\/\/www.jobs.ch\/de\/job-coach\/internationaler-tag-der-sichtbarkeit-von-transgender-warum-ist-er-wichtig-fuer-unsere-arbeitswelt\/#breadcrumb","itemListElement":[{"@type":"ListItem","position":1,"name":"Job Coach","item":"https:\/\/www.jobs.ch\/de\/job-coach\/"},{"@type":"ListItem","position":2,"name":"Internationaler Tag der Sichtbarkeit von Transgender: Warum ist er wichtig f\u00fcr unsere Arbeitswelt?"}]},{"@type":"WebSite","@id":"https:\/\/www.jobs.ch\/de\/job-coach\/#website","url":"https:\/\/www.jobs.ch\/de\/job-coach\/","name":"Willkommen im jobs.ch Job Coach mit News zu Jobs &amp; Bewerbungen","description":"","potentialAction":[{"@type":"SearchAction","target":{"@type":"EntryPoint","urlTemplate":"https:\/\/www.jobs.ch\/de\/job-coach\/?s={search_term_string}"},"query-input":{"@type":"PropertyValueSpecification","valueRequired":true,"valueName":"search_term_string"}}],"inLanguage":"de"},{"@type":"Person","@id":"https:\/\/www.jobs.ch\/de\/job-coach\/#\/schema\/person\/170b9af6926b8fa260578118a72c501c","name":"Carmen B\u00fchler","image":{"@type":"ImageObject","inLanguage":"de","@id":"https:\/\/secure.gravatar.com\/avatar\/385df2b87668de6f41a4cba11f041d6b9b2ca98cd4c9381729185823d37f3218?s=96&d=mm&r=g","url":"https:\/\/secure.gravatar.com\/avatar\/385df2b87668de6f41a4cba11f041d6b9b2ca98cd4c9381729185823d37f3218?s=96&d=mm&r=g","contentUrl":"https:\/\/secure.gravatar.com\/avatar\/385df2b87668de6f41a4cba11f041d6b9b2ca98cd4c9381729185823d37f3218?s=96&d=mm&r=g","caption":"Carmen B\u00fchler"},"url":"https:\/\/www.jobs.ch\/de\/job-coach\/author\/cbuehler\/"}]}},"_links":{"self":[{"href":"https:\/\/www.jobs.ch\/de\/job-coach\/wp-json\/wp\/v2\/posts\/15197","targetHints":{"allow":["GET"]}}],"collection":[{"href":"https:\/\/www.jobs.ch\/de\/job-coach\/wp-json\/wp\/v2\/posts"}],"about":[{"href":"https:\/\/www.jobs.ch\/de\/job-coach\/wp-json\/wp\/v2\/types\/post"}],"author":[{"embeddable":true,"href":"https:\/\/www.jobs.ch\/de\/job-coach\/wp-json\/wp\/v2\/users\/36"}],"replies":[{"embeddable":true,"href":"https:\/\/www.jobs.ch\/de\/job-coach\/wp-json\/wp\/v2\/comments?post=15197"}],"version-history":[{"count":0,"href":"https:\/\/www.jobs.ch\/de\/job-coach\/wp-json\/wp\/v2\/posts\/15197\/revisions"}],"wp:featuredmedia":[{"embeddable":true,"href":"https:\/\/www.jobs.ch\/de\/job-coach\/wp-json\/wp\/v2\/media\/15198"}],"wp:attachment":[{"href":"https:\/\/www.jobs.ch\/de\/job-coach\/wp-json\/wp\/v2\/media?parent=15197"}],"wp:term":[{"taxonomy":"category","embeddable":true,"href":"https:\/\/www.jobs.ch\/de\/job-coach\/wp-json\/wp\/v2\/categories?post=15197"},{"taxonomy":"post_tag","embeddable":true,"href":"https:\/\/www.jobs.ch\/de\/job-coach\/wp-json\/wp\/v2\/tags?post=15197"}],"curies":[{"name":"wp","href":"https:\/\/api.w.org\/{rel}","templated":true}]}}