{"id":5834,"date":"2016-11-30T09:30:13","date_gmt":"2016-11-30T09:30:13","guid":{"rendered":"https:\/\/www.jobs.ch\/de\/job-coach\/?p=5834"},"modified":"2025-07-01T13:11:23","modified_gmt":"2025-07-01T11:11:23","slug":"die-karrieremesse-als-bewerbungskanal","status":"publish","type":"post","link":"https:\/\/www.jobs.ch\/de\/job-coach\/die-karrieremesse-als-bewerbungskanal\/","title":{"rendered":"Die Karrieremesse als Bewerbungskanal"},"content":{"rendered":"<p>Die Schweiz ist ein Messeland. Praktisch f\u00fcr jedes Interesse\u00a0findet sich eine entsprechende Messe. So auch f\u00fcr den Beruf und die Laufbahn. Wir haben die wichtigsten f\u00fcr dich zusammengestellt.<\/p>\n<div id=\"attachment_5889\" style=\"width: 690px\" class=\"wp-caption alignleft\"><img loading=\"lazy\" decoding=\"async\" aria-describedby=\"caption-attachment-5889\" class=\"size-medium wp-image-5889\" src=\"https:\/\/www.jobs.ch\/de\/job-coach\/wp-content\/uploads\/2016\/11\/advanceing_2016_traffic_01-680x383.jpg\" alt=\"Impressionen der advanceING Messe\" width=\"680\" height=\"383\" \/><p id=\"caption-attachment-5889\" class=\"wp-caption-text\">Impressionen der advanceING Messe<\/p><\/div>\n<h2><\/h2>\n<h2><\/h2>\n<h2><\/h2>\n<h2><\/h2>\n<h2><\/h2>\n<h2><\/h2>\n<h2><\/h2>\n<h2><\/h2>\n<h2><span style=\"color: #000000;\">Die richtige Messe finden<\/span><\/h2>\n<h3><span style=\"color: #000000;\">Absolventenmesse Schweiz<\/span><\/h3>\n<p>Wenn du Hochschulabg\u00e4nger bist und bis jetzt keine oder nur wenig Arbeitserfahrung sammeln konntest, bieten sich Absolventenmessen an. Die <a href=\"http:\/\/www.together.ch\/berufseinstieg\/absolventenmesse-schweiz\/\" target=\"_blank\" rel=\"noopener\">Absolventenmesse Schweiz<\/a> fand am 03.11. im StageOne in Z\u00fcrich Oerlikon statt. Bei der Studienrichtung gab es keine Einschr\u00e4nkung und dank einfacher Online-Registrierung konnte man sich einen Platz reservieren. Potenzielle Arbeitgeber aus allen Branchen pr\u00e4sentieren ihr Unternehmen und so erh\u00e4lt man als Absolvent einen ersten Eindruck des Arbeitsmarkts.<\/p>\n<p><em>Wann das n\u00e4chste Mal? Im November 2017, Ort: noch nicht bekannt.<\/em><\/p>\n<h3><span style=\"color: #000000;\">advanceING \u2013 die Schweizer Karrieremesse f\u00fcr Ingenieure und Informatiker<\/span><\/h3>\n<p>Ingenieuren und Informatikern ist die Messe <a href=\"http:\/\/www.advanceing.ch\/\" target=\"_blank\" rel=\"noopener\">advanceING<\/a> ein Begriff, welche am 16.11. im Kongresshaus in Z\u00fcrich stattgefunden hat. Vor Ort trifft man auf eine Vielzahl interessanter Arbeitgeber dieser Fachrichtungen. Besonders f\u00e4llt auf, dass an den St\u00e4nden nicht nur HR-Fachpersonen der Unternehmen Auskunft geben, sondern auch Experten aus den einzelnen Fachbereichen vertreten sind.<\/p>\n<p><em>Wann das n\u00e4chste Mal? Am 17. Oktober 2017 in der Messe Z\u00fcrich Oerlikon.<\/em><\/p>\n<h3><span style=\"color: #000000;\">CareFair \u2013 Die Schweizer Jobmesse f\u00fcr Gesundheitsberufe<\/span><\/h3>\n<p>Bist du im Gesundheitswesen beruflich verankert, dann ist die <a href=\"http:\/\/www.ifas-messe.ch\/htm\/carefair.htm\" target=\"_blank\" rel=\"noopener\">CareFair <\/a>einen Besuch wert. Diese fand zwischen 25. und 28. Oktober im Rahmen der IFAS &#8211; Fachmesse f\u00fcr den Gesundheitsmarkt<br \/>\nin der Messe Z\u00fcrich statt. Bekannte Vertreter aus der schweizerischen Spitallandschaft und Pflegezentren waren vor Ort anzutreffen.<\/p>\n<p><em>Wann das n\u00e4chste Mal? Die n\u00e4chste IFAS findet vom 23. \u2013 26. Oktober 2018 in der Messe Z\u00fcrich Oerlikon statt.<\/em><\/p>\n<h3><span style=\"color: #000000;\">Berufsmesse Z\u00fcrich \u2013 Messe f\u00fcr Berufswahl, Grund- und Weiterbildung<\/span><\/h3>\n<p>Geh\u00f6rt man zur j\u00fcngeren Generation und sucht nach einer Inspiration f\u00fcr m\u00f6gliche Berufswege, ist man mit der <a href=\"http:\/\/www.berufsmessezuerich.ch\/\" target=\"_blank\" rel=\"noopener\">Berufsmesse Z\u00fcrich <\/a>gut bedient. An dieser Messe werden \u00fcber 500 Lehrberufe, Ausbildungen und Weiterbildungsm\u00f6glichkeiten pr\u00e4sentiert. Diese fand zwischen dem 22. und 26. November auch in der Messe Z\u00fcrich statt.<\/p>\n<p><em>Wann das n\u00e4chste Mal? Vom 21. bis 25. November 2017 in der Messe Z\u00fcrich Oerlikon.<\/em><\/p>\n<h2><span style=\"color: #000000;\">Was du an Messen lernen kannst<\/span><\/h2>\n<p>In erster Linie geht es f\u00fcr dich als Stellensuchenden an Karriere-Messen darum, dir einen \u00dcberblick \u00fcber die verschiedenen Arbeitgeber zu verschaffen und dich anhand von Gespr\u00e4chen mit den HR-Fachleuten als Kandidaten zu pr\u00e4sentieren. Aber hast du von all den zus\u00e4tzlichen Dienstleistungen an Messen geh\u00f6rt?<\/p>\n<h3><span style=\"color: #000000;\">Gut beraten ist die halbe Miete<\/span><\/h3>\n<p>Karrieremessen haben oft mehr zu bieten als Smalltalk. N\u00fctzliche Dienstleistungen wie Karriereberatungen, welche an der k\u00fcrzlich stattgefundenen advanceING in Form einer \u201eKarriere-Bar\u201c angeboten wurde. Hier kam es zu interessanten Gespr\u00e4chen zwischen Stellensuchenden und Laufbahnberatern. Auch rechtliche Fragen konnten danke juristischen Vertretern beantwortet werden.<\/p>\n<h3><span style=\"color: #000000;\">Verbessere deinen Lebenslauf<\/span><\/h3>\n<p>An der Absolventenmesse Schweiz konnte man seinen mitgebrachten Lebenslauf an der Station \u201eCV-Check\u201c pr\u00fcfen lassen. Ferner lockten eigens angestellte Fotografen, um von den Teilnehmern ein gutes Bild f\u00fcr deren Lebenslauf zu schiessen.<\/p>\n<h3><span style=\"color: #000000;\">Spannende Pr\u00e4sentationen<\/span><\/h3>\n<p>Weiter geben Fachvortr\u00e4ge spannende Inputs. An der advanceING gewann man dank Vortr\u00e4gen Erkenntnisse zu Karrierechancen und Sal\u00e4ren f\u00fcr Ingenieure und Architekten (von Swiss Engineering STV und swissICT pr\u00e4sentiert). Zur beruflichen Weiterbildung war die Pr\u00e4sentation der ZHAW School of Engineering mit dem Titel \u201ePraxisorientierte Weiterbildungen an der ZHAW\u201c von Interesse.<\/p>\n<p>Informiere dich \u00fcber zus\u00e4tzliche Dienstleistungen an Messen, die du (oft gratis) in Anspruch nehmen kannst.<\/p>\n<p>Auf der Suche nach weiteren innovativen Bewerbungsm\u00f6glichkeiten? Lies unsere <a href=\"https:\/\/www.jobs.ch\/de\/job-coach\/10-schritten-zum-perfekten-bewerbungsvideo\/\" target=\"_blank\" rel=\"noopener\">10 Schritte zum perfekten Bewerbungsvideo<\/a>.<\/p>\n<p><span style=\"text-indent: 20px; width: auto; padding: 0px 4px 0px 0px; text-align: center; font: bold 11px\/20px 'Helvetica Neue',Helvetica,sans-serif; color: #ffffff; background: #bd081c no-repeat scroll 3px 50% \/ 14px 14px; cursor: pointer;\">Merken<\/span><\/p>\n<p><span style=\"text-indent: 20px; width: auto; padding: 0px 4px 0px 0px; text-align: center; font: bold 11px\/20px 'Helvetica Neue',Helvetica,sans-serif; color: #ffffff; background: #bd081c no-repeat scroll 3px 50% \/ 14px 14px; cursor: pointer;\">Merken<\/span><\/p>\n<p><span style=\"text-indent: 20px; width: auto; padding: 0px 4px 0px 0px; text-align: center; font: bold 11px\/20px 'Helvetica Neue',Helvetica,sans-serif; color: #ffffff; background: #bd081c no-repeat scroll 3px 50% \/ 14px 14px; cursor: pointer;\">Merken<\/span><\/p>\n<p><span style=\"text-indent: 20px; width: auto; padding: 0px 4px 0px 0px; text-align: center; font: bold 11px\/20px 'Helvetica Neue',Helvetica,sans-serif; color: #ffffff; background: #bd081c no-repeat scroll 3px 50% \/ 14px 14px; cursor: pointer;\">Merken<\/span><\/p>\n","protected":false},"excerpt":{"rendered":"<p>Die Schweiz ist ein Messeland. Praktisch f\u00fcr jedes Interesse\u00a0findet sich eine [&hellip;]<\/p>\n","protected":false},"author":6,"featured_media":0,"comment_status":"open","ping_status":"closed","sticky":false,"template":"","format":"standard","meta":{"_acf_changed":false,"footnotes":""},"categories":[21],"tags":[201,404,663,713,879],"class_list":["post-5834","post","type-post","status-publish","format-standard","hentry","category-vor-der-bewerbung-jobsuche","tag-berufsmesse","tag-fachmesse","tag-jobmesse","tag-karrieremesse","tag-messe"],"acf":[],"yoast_head":"<!-- This site is optimized with the Yoast SEO plugin v27.2 - https:\/\/yoast.com\/product\/yoast-seo-wordpress\/ -->\n<title>Die Karrieremesse als Bewerbungskanal - Willkommen im jobs.ch Job Coach mit News zu Jobs &amp; Bewerbungen<\/title>\n<meta name=\"description\" content=\"Die Schweiz ist ein Messeland. Praktisch f\u00fcr jedes Interesse findet sich eine entsprechende Messe.Wir haben die wichtigsten f\u00fcr dich zusammengestellt.\" \/>\n<meta name=\"robots\" content=\"index, follow, max-snippet:-1, max-image-preview:large, max-video-preview:-1\" \/>\n<link rel=\"canonical\" href=\"https:\/\/www.jobs.ch\/de\/job-coach\/die-karrieremesse-als-bewerbungskanal\/\" \/>\n<meta property=\"og:locale\" content=\"de_DE\" \/>\n<meta property=\"og:type\" content=\"article\" \/>\n<meta property=\"og:title\" content=\"Die Karrieremesse als Bewerbungskanal - Willkommen im jobs.ch Job Coach mit News zu Jobs &amp; Bewerbungen\" \/>\n<meta property=\"og:description\" content=\"Die Schweiz ist ein Messeland. Praktisch f\u00fcr jedes Interesse findet sich eine entsprechende Messe.Wir haben die wichtigsten f\u00fcr dich zusammengestellt.\" \/>\n<meta property=\"og:url\" content=\"https:\/\/www.jobs.ch\/de\/job-coach\/die-karrieremesse-als-bewerbungskanal\/\" \/>\n<meta property=\"og:site_name\" content=\"Willkommen im jobs.ch Job Coach mit News zu Jobs &amp; Bewerbungen\" \/>\n<meta property=\"article:published_time\" content=\"2016-11-30T09:30:13+00:00\" \/>\n<meta property=\"article:modified_time\" content=\"2025-07-01T11:11:23+00:00\" \/>\n<meta property=\"og:image\" content=\"https:\/\/www.jobs.ch\/de\/job-coach\/wp-content\/uploads\/2016\/11\/advanceing_2016_traffic_01.jpg\" \/>\n\t<meta property=\"og:image:width\" content=\"1920\" \/>\n\t<meta property=\"og:image:height\" content=\"1080\" \/>\n\t<meta property=\"og:image:type\" content=\"image\/jpeg\" \/>\n<meta name=\"author\" content=\"Laura Baggenstos\" \/>\n<meta name=\"twitter:card\" content=\"summary_large_image\" \/>\n<meta name=\"twitter:label1\" content=\"Verfasst von\" \/>\n\t<meta name=\"twitter:data1\" content=\"Laura Baggenstos\" \/>\n\t<meta name=\"twitter:label2\" content=\"Gesch\u00e4tzte Lesezeit\" \/>\n\t<meta name=\"twitter:data2\" content=\"4\u00a0Minuten\" \/>\n<script type=\"application\/ld+json\" class=\"yoast-schema-graph\">{\"@context\":\"https:\/\/schema.org\",\"@graph\":[{\"@type\":\"Article\",\"@id\":\"https:\/\/www.jobs.ch\/de\/job-coach\/die-karrieremesse-als-bewerbungskanal\/#article\",\"isPartOf\":{\"@id\":\"https:\/\/www.jobs.ch\/de\/job-coach\/die-karrieremesse-als-bewerbungskanal\/\"},\"author\":{\"name\":\"Laura Baggenstos\",\"@id\":\"https:\/\/www.jobs.ch\/de\/job-coach\/#\/schema\/person\/bc0e6722d0057ce34a0df1c3a2a82f13\"},\"headline\":\"Die Karrieremesse als Bewerbungskanal\",\"datePublished\":\"2016-11-30T09:30:13+00:00\",\"dateModified\":\"2025-07-01T11:11:23+00:00\",\"mainEntityOfPage\":{\"@id\":\"https:\/\/www.jobs.ch\/de\/job-coach\/die-karrieremesse-als-bewerbungskanal\/\"},\"wordCount\":593,\"commentCount\":0,\"image\":{\"@id\":\"https:\/\/www.jobs.ch\/de\/job-coach\/die-karrieremesse-als-bewerbungskanal\/#primaryimage\"},\"thumbnailUrl\":\"https:\/\/www.jobs.ch\/de\/job-coach\/wp-content\/uploads\/2016\/11\/advanceing_2016_traffic_01-680x383.jpg\",\"keywords\":[\"Berufsmesse\",\"Fachmesse\",\"Jobmesse\",\"Karrieremesse\",\"Messe\"],\"articleSection\":[\"Vor der Bewerbung | Jobsuche\"],\"inLanguage\":\"de\",\"potentialAction\":[{\"@type\":\"CommentAction\",\"name\":\"Comment\",\"target\":[\"https:\/\/www.jobs.ch\/de\/job-coach\/die-karrieremesse-als-bewerbungskanal\/#respond\"]}]},{\"@type\":\"WebPage\",\"@id\":\"https:\/\/www.jobs.ch\/de\/job-coach\/die-karrieremesse-als-bewerbungskanal\/\",\"url\":\"https:\/\/www.jobs.ch\/de\/job-coach\/die-karrieremesse-als-bewerbungskanal\/\",\"name\":\"Die Karrieremesse als Bewerbungskanal - Willkommen im jobs.ch Job Coach mit News zu Jobs &amp; Bewerbungen\",\"isPartOf\":{\"@id\":\"https:\/\/www.jobs.ch\/de\/job-coach\/#website\"},\"primaryImageOfPage\":{\"@id\":\"https:\/\/www.jobs.ch\/de\/job-coach\/die-karrieremesse-als-bewerbungskanal\/#primaryimage\"},\"image\":{\"@id\":\"https:\/\/www.jobs.ch\/de\/job-coach\/die-karrieremesse-als-bewerbungskanal\/#primaryimage\"},\"thumbnailUrl\":\"https:\/\/www.jobs.ch\/de\/job-coach\/wp-content\/uploads\/2016\/11\/advanceing_2016_traffic_01-680x383.jpg\",\"datePublished\":\"2016-11-30T09:30:13+00:00\",\"dateModified\":\"2025-07-01T11:11:23+00:00\",\"author\":{\"@id\":\"https:\/\/www.jobs.ch\/de\/job-coach\/#\/schema\/person\/bc0e6722d0057ce34a0df1c3a2a82f13\"},\"description\":\"Die Schweiz ist ein Messeland. Praktisch f\u00fcr jedes Interesse findet sich eine entsprechende Messe.Wir haben die wichtigsten f\u00fcr dich zusammengestellt.\",\"breadcrumb\":{\"@id\":\"https:\/\/www.jobs.ch\/de\/job-coach\/die-karrieremesse-als-bewerbungskanal\/#breadcrumb\"},\"inLanguage\":\"de\",\"potentialAction\":[{\"@type\":\"ReadAction\",\"target\":[\"https:\/\/www.jobs.ch\/de\/job-coach\/die-karrieremesse-als-bewerbungskanal\/\"]}]},{\"@type\":\"ImageObject\",\"inLanguage\":\"de\",\"@id\":\"https:\/\/www.jobs.ch\/de\/job-coach\/die-karrieremesse-als-bewerbungskanal\/#primaryimage\",\"url\":\"https:\/\/www.jobs.ch\/de\/job-coach\/wp-content\/uploads\/2016\/11\/advanceing_2016_traffic_01-680x383.jpg\",\"contentUrl\":\"https:\/\/www.jobs.ch\/de\/job-coach\/wp-content\/uploads\/2016\/11\/advanceing_2016_traffic_01-680x383.jpg\"},{\"@type\":\"BreadcrumbList\",\"@id\":\"https:\/\/www.jobs.ch\/de\/job-coach\/die-karrieremesse-als-bewerbungskanal\/#breadcrumb\",\"itemListElement\":[{\"@type\":\"ListItem\",\"position\":1,\"name\":\"Job Coach\",\"item\":\"https:\/\/www.jobs.ch\/de\/job-coach\/\"},{\"@type\":\"ListItem\",\"position\":2,\"name\":\"Die Karrieremesse als Bewerbungskanal\"}]},{\"@type\":\"WebSite\",\"@id\":\"https:\/\/www.jobs.ch\/de\/job-coach\/#website\",\"url\":\"https:\/\/www.jobs.ch\/de\/job-coach\/\",\"name\":\"Willkommen im jobs.ch Job Coach mit News zu Jobs &amp; Bewerbungen\",\"description\":\"\",\"potentialAction\":[{\"@type\":\"SearchAction\",\"target\":{\"@type\":\"EntryPoint\",\"urlTemplate\":\"https:\/\/www.jobs.ch\/de\/job-coach\/?s={search_term_string}\"},\"query-input\":{\"@type\":\"PropertyValueSpecification\",\"valueRequired\":true,\"valueName\":\"search_term_string\"}}],\"inLanguage\":\"de\"},{\"@type\":\"Person\",\"@id\":\"https:\/\/www.jobs.ch\/de\/job-coach\/#\/schema\/person\/bc0e6722d0057ce34a0df1c3a2a82f13\",\"name\":\"Laura Baggenstos\",\"image\":{\"@type\":\"ImageObject\",\"inLanguage\":\"de\",\"@id\":\"https:\/\/www.jobs.ch\/de\/job-coach\/wp-content\/uploads\/2022\/09\/laura-baggenstos_avatar-96x96.jpeg\",\"url\":\"https:\/\/www.jobs.ch\/de\/job-coach\/wp-content\/uploads\/2022\/09\/laura-baggenstos_avatar-96x96.jpeg\",\"contentUrl\":\"https:\/\/www.jobs.ch\/de\/job-coach\/wp-content\/uploads\/2022\/09\/laura-baggenstos_avatar-96x96.jpeg\",\"caption\":\"Laura Baggenstos\"},\"url\":\"https:\/\/www.jobs.ch\/de\/job-coach\/author\/laura\/\"}]}<\/script>\n<!-- \/ Yoast SEO plugin. -->","yoast_head_json":{"title":"Die Karrieremesse als Bewerbungskanal - Willkommen im jobs.ch Job Coach mit News zu Jobs &amp; Bewerbungen","description":"Die Schweiz ist ein Messeland. Praktisch f\u00fcr jedes Interesse findet sich eine entsprechende Messe.Wir haben die wichtigsten f\u00fcr dich zusammengestellt.","robots":{"index":"index","follow":"follow","max-snippet":"max-snippet:-1","max-image-preview":"max-image-preview:large","max-video-preview":"max-video-preview:-1"},"canonical":"https:\/\/www.jobs.ch\/de\/job-coach\/die-karrieremesse-als-bewerbungskanal\/","og_locale":"de_DE","og_type":"article","og_title":"Die Karrieremesse als Bewerbungskanal - Willkommen im jobs.ch Job Coach mit News zu Jobs &amp; Bewerbungen","og_description":"Die Schweiz ist ein Messeland. Praktisch f\u00fcr jedes Interesse findet sich eine entsprechende Messe.Wir haben die wichtigsten f\u00fcr dich zusammengestellt.","og_url":"https:\/\/www.jobs.ch\/de\/job-coach\/die-karrieremesse-als-bewerbungskanal\/","og_site_name":"Willkommen im jobs.ch Job Coach mit News zu Jobs &amp; Bewerbungen","article_published_time":"2016-11-30T09:30:13+00:00","article_modified_time":"2025-07-01T11:11:23+00:00","og_image":[{"width":1920,"height":1080,"url":"https:\/\/www.jobs.ch\/de\/job-coach\/wp-content\/uploads\/2016\/11\/advanceing_2016_traffic_01.jpg","type":"image\/jpeg"}],"author":"Laura Baggenstos","twitter_card":"summary_large_image","twitter_misc":{"Verfasst von":"Laura Baggenstos","Gesch\u00e4tzte Lesezeit":"4\u00a0Minuten"},"schema":{"@context":"https:\/\/schema.org","@graph":[{"@type":"Article","@id":"https:\/\/www.jobs.ch\/de\/job-coach\/die-karrieremesse-als-bewerbungskanal\/#article","isPartOf":{"@id":"https:\/\/www.jobs.ch\/de\/job-coach\/die-karrieremesse-als-bewerbungskanal\/"},"author":{"name":"Laura Baggenstos","@id":"https:\/\/www.jobs.ch\/de\/job-coach\/#\/schema\/person\/bc0e6722d0057ce34a0df1c3a2a82f13"},"headline":"Die Karrieremesse als Bewerbungskanal","datePublished":"2016-11-30T09:30:13+00:00","dateModified":"2025-07-01T11:11:23+00:00","mainEntityOfPage":{"@id":"https:\/\/www.jobs.ch\/de\/job-coach\/die-karrieremesse-als-bewerbungskanal\/"},"wordCount":593,"commentCount":0,"image":{"@id":"https:\/\/www.jobs.ch\/de\/job-coach\/die-karrieremesse-als-bewerbungskanal\/#primaryimage"},"thumbnailUrl":"https:\/\/www.jobs.ch\/de\/job-coach\/wp-content\/uploads\/2016\/11\/advanceing_2016_traffic_01-680x383.jpg","keywords":["Berufsmesse","Fachmesse","Jobmesse","Karrieremesse","Messe"],"articleSection":["Vor der Bewerbung | Jobsuche"],"inLanguage":"de","potentialAction":[{"@type":"CommentAction","name":"Comment","target":["https:\/\/www.jobs.ch\/de\/job-coach\/die-karrieremesse-als-bewerbungskanal\/#respond"]}]},{"@type":"WebPage","@id":"https:\/\/www.jobs.ch\/de\/job-coach\/die-karrieremesse-als-bewerbungskanal\/","url":"https:\/\/www.jobs.ch\/de\/job-coach\/die-karrieremesse-als-bewerbungskanal\/","name":"Die Karrieremesse als Bewerbungskanal - Willkommen im jobs.ch Job Coach mit News zu Jobs &amp; Bewerbungen","isPartOf":{"@id":"https:\/\/www.jobs.ch\/de\/job-coach\/#website"},"primaryImageOfPage":{"@id":"https:\/\/www.jobs.ch\/de\/job-coach\/die-karrieremesse-als-bewerbungskanal\/#primaryimage"},"image":{"@id":"https:\/\/www.jobs.ch\/de\/job-coach\/die-karrieremesse-als-bewerbungskanal\/#primaryimage"},"thumbnailUrl":"https:\/\/www.jobs.ch\/de\/job-coach\/wp-content\/uploads\/2016\/11\/advanceing_2016_traffic_01-680x383.jpg","datePublished":"2016-11-30T09:30:13+00:00","dateModified":"2025-07-01T11:11:23+00:00","author":{"@id":"https:\/\/www.jobs.ch\/de\/job-coach\/#\/schema\/person\/bc0e6722d0057ce34a0df1c3a2a82f13"},"description":"Die Schweiz ist ein Messeland. Praktisch f\u00fcr jedes Interesse findet sich eine entsprechende Messe.Wir haben die wichtigsten f\u00fcr dich zusammengestellt.","breadcrumb":{"@id":"https:\/\/www.jobs.ch\/de\/job-coach\/die-karrieremesse-als-bewerbungskanal\/#breadcrumb"},"inLanguage":"de","potentialAction":[{"@type":"ReadAction","target":["https:\/\/www.jobs.ch\/de\/job-coach\/die-karrieremesse-als-bewerbungskanal\/"]}]},{"@type":"ImageObject","inLanguage":"de","@id":"https:\/\/www.jobs.ch\/de\/job-coach\/die-karrieremesse-als-bewerbungskanal\/#primaryimage","url":"https:\/\/www.jobs.ch\/de\/job-coach\/wp-content\/uploads\/2016\/11\/advanceing_2016_traffic_01-680x383.jpg","contentUrl":"https:\/\/www.jobs.ch\/de\/job-coach\/wp-content\/uploads\/2016\/11\/advanceing_2016_traffic_01-680x383.jpg"},{"@type":"BreadcrumbList","@id":"https:\/\/www.jobs.ch\/de\/job-coach\/die-karrieremesse-als-bewerbungskanal\/#breadcrumb","itemListElement":[{"@type":"ListItem","position":1,"name":"Job Coach","item":"https:\/\/www.jobs.ch\/de\/job-coach\/"},{"@type":"ListItem","position":2,"name":"Die Karrieremesse als Bewerbungskanal"}]},{"@type":"WebSite","@id":"https:\/\/www.jobs.ch\/de\/job-coach\/#website","url":"https:\/\/www.jobs.ch\/de\/job-coach\/","name":"Willkommen im jobs.ch Job Coach mit News zu Jobs &amp; Bewerbungen","description":"","potentialAction":[{"@type":"SearchAction","target":{"@type":"EntryPoint","urlTemplate":"https:\/\/www.jobs.ch\/de\/job-coach\/?s={search_term_string}"},"query-input":{"@type":"PropertyValueSpecification","valueRequired":true,"valueName":"search_term_string"}}],"inLanguage":"de"},{"@type":"Person","@id":"https:\/\/www.jobs.ch\/de\/job-coach\/#\/schema\/person\/bc0e6722d0057ce34a0df1c3a2a82f13","name":"Laura Baggenstos","image":{"@type":"ImageObject","inLanguage":"de","@id":"https:\/\/www.jobs.ch\/de\/job-coach\/wp-content\/uploads\/2022\/09\/laura-baggenstos_avatar-96x96.jpeg","url":"https:\/\/www.jobs.ch\/de\/job-coach\/wp-content\/uploads\/2022\/09\/laura-baggenstos_avatar-96x96.jpeg","contentUrl":"https:\/\/www.jobs.ch\/de\/job-coach\/wp-content\/uploads\/2022\/09\/laura-baggenstos_avatar-96x96.jpeg","caption":"Laura Baggenstos"},"url":"https:\/\/www.jobs.ch\/de\/job-coach\/author\/laura\/"}]}},"_links":{"self":[{"href":"https:\/\/www.jobs.ch\/de\/job-coach\/wp-json\/wp\/v2\/posts\/5834","targetHints":{"allow":["GET"]}}],"collection":[{"href":"https:\/\/www.jobs.ch\/de\/job-coach\/wp-json\/wp\/v2\/posts"}],"about":[{"href":"https:\/\/www.jobs.ch\/de\/job-coach\/wp-json\/wp\/v2\/types\/post"}],"author":[{"embeddable":true,"href":"https:\/\/www.jobs.ch\/de\/job-coach\/wp-json\/wp\/v2\/users\/6"}],"replies":[{"embeddable":true,"href":"https:\/\/www.jobs.ch\/de\/job-coach\/wp-json\/wp\/v2\/comments?post=5834"}],"version-history":[{"count":0,"href":"https:\/\/www.jobs.ch\/de\/job-coach\/wp-json\/wp\/v2\/posts\/5834\/revisions"}],"wp:attachment":[{"href":"https:\/\/www.jobs.ch\/de\/job-coach\/wp-json\/wp\/v2\/media?parent=5834"}],"wp:term":[{"taxonomy":"category","embeddable":true,"href":"https:\/\/www.jobs.ch\/de\/job-coach\/wp-json\/wp\/v2\/categories?post=5834"},{"taxonomy":"post_tag","embeddable":true,"href":"https:\/\/www.jobs.ch\/de\/job-coach\/wp-json\/wp\/v2\/tags?post=5834"}],"curies":[{"name":"wp","href":"https:\/\/api.w.org\/{rel}","templated":true}]}}