{"id":5309,"date":"2017-04-20T07:18:57","date_gmt":"2017-04-20T07:18:57","guid":{"rendered":"https:\/\/www.jobup.ch\/fr\/job-coach\/?p=5309"},"modified":"2017-04-20T07:18:57","modified_gmt":"2017-04-20T07:18:57","slug":"porte-porte-la-pendularite-en-suisse","status":"publish","type":"post","link":"https:\/\/www.jobs.ch\/fr\/job-coach\/porte-porte-la-pendularite-en-suisse\/","title":{"rendered":"Porte-\u00e0-porte \u2013 la pendularit\u00e9 en Suisse"},"content":{"rendered":"<p>mapaa<\/p>\n","protected":false},"excerpt":{"rendered":"<p>mapaa<\/p>\n","protected":false},"author":5,"featured_media":5311,"comment_status":"open","ping_status":"closed","sticky":false,"template":"","format":"standard","meta":{"_acf_changed":false,"footnotes":""},"categories":[14],"tags":[462,643,645],"class_list":["post-5309","post","type-post","status-publish","format-standard","has-post-thumbnail","hentry","category-etudes-faits-organisation-du-travail","tag-pendularite","tag-trajets","tag-transports-publics"],"acf":[],"yoast_head":"<!-- This site is optimized with the Yoast SEO plugin v27.2 - https:\/\/yoast.com\/product\/yoast-seo-wordpress\/ -->\n<title>Porte-\u00e0-porte \u2013 la pendularit\u00e9 en Suisse - Bienvenue sur le Job Coach, le guide consacr\u00e9 \u00e0 la recherche d\u2019emploi en Suisse<\/title>\n<meta name=\"description\" content=\"Voiture, train ou transports publics ? Nous avons pris connaissance des comportements des Suisses en mati\u00e8re de pendularit\u00e9.\" \/>\n<meta name=\"robots\" content=\"index, follow, max-snippet:-1, max-image-preview:large, max-video-preview:-1\" \/>\n<link rel=\"canonical\" href=\"https:\/\/www.jobs.ch\/fr\/job-coach\/porte-porte-la-pendularite-en-suisse\/\" \/>\n<meta property=\"og:locale\" content=\"fr_FR\" \/>\n<meta property=\"og:type\" content=\"article\" \/>\n<meta property=\"og:title\" content=\"Porte-\u00e0-porte \u2013 la pendularit\u00e9 en Suisse - Bienvenue sur le Job Coach, le guide consacr\u00e9 \u00e0 la recherche d\u2019emploi en Suisse\" \/>\n<meta property=\"og:description\" content=\"Voiture, train ou transports publics ? Nous avons pris connaissance des comportements des Suisses en mati\u00e8re de pendularit\u00e9.\" \/>\n<meta property=\"og:url\" content=\"https:\/\/www.jobs.ch\/fr\/job-coach\/porte-porte-la-pendularite-en-suisse\/\" \/>\n<meta property=\"og:site_name\" content=\"Bienvenue sur le Job Coach, le guide consacr\u00e9 \u00e0 la recherche d\u2019emploi en Suisse\" \/>\n<meta property=\"article:published_time\" content=\"2017-04-20T07:18:57+00:00\" \/>\n<meta property=\"og:image\" content=\"https:\/\/www.jobs.ch\/fr\/job-coach\/wp-content\/uploads\/2017\/02\/pendeln_fun-featured-1024x362-1484237118.jpg\" \/>\n\t<meta property=\"og:image:width\" content=\"1024\" \/>\n\t<meta property=\"og:image:height\" content=\"362\" \/>\n\t<meta property=\"og:image:type\" content=\"image\/jpeg\" \/>\n<meta name=\"author\" content=\"Ben Seiler\" \/>\n<meta name=\"twitter:card\" content=\"summary_large_image\" \/>\n<meta name=\"twitter:label1\" content=\"\u00c9crit par\" \/>\n\t<meta name=\"twitter:data1\" content=\"Ben Seiler\" \/>\n<script type=\"application\/ld+json\" class=\"yoast-schema-graph\">{\"@context\":\"https:\/\/schema.org\",\"@graph\":[{\"@type\":\"Article\",\"@id\":\"https:\/\/www.jobs.ch\/fr\/job-coach\/porte-porte-la-pendularite-en-suisse\/#article\",\"isPartOf\":{\"@id\":\"https:\/\/www.jobs.ch\/fr\/job-coach\/porte-porte-la-pendularite-en-suisse\/\"},\"author\":{\"name\":\"Ben Seiler\",\"@id\":\"https:\/\/www.jobs.ch\/fr\/job-coach\/#\/schema\/person\/da81c923416bb257cc600f51ec3f1ab9\"},\"headline\":\"Porte-\u00e0-porte \u2013 la pendularit\u00e9 en Suisse\",\"datePublished\":\"2017-04-20T07:18:57+00:00\",\"mainEntityOfPage\":{\"@id\":\"https:\/\/www.jobs.ch\/fr\/job-coach\/porte-porte-la-pendularite-en-suisse\/\"},\"wordCount\":7,\"commentCount\":0,\"image\":{\"@id\":\"https:\/\/www.jobs.ch\/fr\/job-coach\/porte-porte-la-pendularite-en-suisse\/#primaryimage\"},\"thumbnailUrl\":\"https:\/\/www.jobs.ch\/fr\/job-coach\/wp-content\/uploads\/2017\/02\/pendeln_fun-featured-1024x362-1484237118.jpg\",\"keywords\":[\"pendularit\u00e9\",\"trajets\",\"transports publics\"],\"articleSection\":[\"Etudes | Faits | Organisation du travail\"],\"inLanguage\":\"fr-FR\",\"potentialAction\":[{\"@type\":\"CommentAction\",\"name\":\"Comment\",\"target\":[\"https:\/\/www.jobs.ch\/fr\/job-coach\/porte-porte-la-pendularite-en-suisse\/#respond\"]}]},{\"@type\":\"WebPage\",\"@id\":\"https:\/\/www.jobs.ch\/fr\/job-coach\/porte-porte-la-pendularite-en-suisse\/\",\"url\":\"https:\/\/www.jobs.ch\/fr\/job-coach\/porte-porte-la-pendularite-en-suisse\/\",\"name\":\"Porte-\u00e0-porte \u2013 la pendularit\u00e9 en Suisse - Bienvenue sur le Job Coach, le guide consacr\u00e9 \u00e0 la recherche d\u2019emploi en Suisse\",\"isPartOf\":{\"@id\":\"https:\/\/www.jobs.ch\/fr\/job-coach\/#website\"},\"primaryImageOfPage\":{\"@id\":\"https:\/\/www.jobs.ch\/fr\/job-coach\/porte-porte-la-pendularite-en-suisse\/#primaryimage\"},\"image\":{\"@id\":\"https:\/\/www.jobs.ch\/fr\/job-coach\/porte-porte-la-pendularite-en-suisse\/#primaryimage\"},\"thumbnailUrl\":\"https:\/\/www.jobs.ch\/fr\/job-coach\/wp-content\/uploads\/2017\/02\/pendeln_fun-featured-1024x362-1484237118.jpg\",\"datePublished\":\"2017-04-20T07:18:57+00:00\",\"author\":{\"@id\":\"https:\/\/www.jobs.ch\/fr\/job-coach\/#\/schema\/person\/da81c923416bb257cc600f51ec3f1ab9\"},\"description\":\"Voiture, train ou transports publics ? Nous avons pris connaissance des comportements des Suisses en mati\u00e8re de pendularit\u00e9.\",\"breadcrumb\":{\"@id\":\"https:\/\/www.jobs.ch\/fr\/job-coach\/porte-porte-la-pendularite-en-suisse\/#breadcrumb\"},\"inLanguage\":\"fr-FR\",\"potentialAction\":[{\"@type\":\"ReadAction\",\"target\":[\"https:\/\/www.jobs.ch\/fr\/job-coach\/porte-porte-la-pendularite-en-suisse\/\"]}]},{\"@type\":\"ImageObject\",\"inLanguage\":\"fr-FR\",\"@id\":\"https:\/\/www.jobs.ch\/fr\/job-coach\/porte-porte-la-pendularite-en-suisse\/#primaryimage\",\"url\":\"https:\/\/www.jobs.ch\/fr\/job-coach\/wp-content\/uploads\/2017\/02\/pendeln_fun-featured-1024x362-1484237118.jpg\",\"contentUrl\":\"https:\/\/www.jobs.ch\/fr\/job-coach\/wp-content\/uploads\/2017\/02\/pendeln_fun-featured-1024x362-1484237118.jpg\",\"width\":1024,\"height\":362},{\"@type\":\"BreadcrumbList\",\"@id\":\"https:\/\/www.jobs.ch\/fr\/job-coach\/porte-porte-la-pendularite-en-suisse\/#breadcrumb\",\"itemListElement\":[{\"@type\":\"ListItem\",\"position\":1,\"name\":\"Home\",\"item\":\"https:\/\/www.jobs.ch\/fr\/job-coach\/\"},{\"@type\":\"ListItem\",\"position\":2,\"name\":\"Porte-\u00e0-porte \u2013 la pendularit\u00e9 en Suisse\"}]},{\"@type\":\"WebSite\",\"@id\":\"https:\/\/www.jobs.ch\/fr\/job-coach\/#website\",\"url\":\"https:\/\/www.jobs.ch\/fr\/job-coach\/\",\"name\":\"Bienvenue sur le Job Coach, le guide consacr\u00e9 \u00e0 la recherche d\u2019emploi en Suisse\",\"description\":\"\",\"potentialAction\":[{\"@type\":\"SearchAction\",\"target\":{\"@type\":\"EntryPoint\",\"urlTemplate\":\"https:\/\/www.jobs.ch\/fr\/job-coach\/?s={search_term_string}\"},\"query-input\":{\"@type\":\"PropertyValueSpecification\",\"valueRequired\":true,\"valueName\":\"search_term_string\"}}],\"inLanguage\":\"fr-FR\"},{\"@type\":\"Person\",\"@id\":\"https:\/\/www.jobs.ch\/fr\/job-coach\/#\/schema\/person\/da81c923416bb257cc600f51ec3f1ab9\",\"name\":\"Ben Seiler\",\"image\":{\"@type\":\"ImageObject\",\"inLanguage\":\"fr-FR\",\"@id\":\"https:\/\/www.jobs.ch\/fr\/job-coach\/wp-content\/uploads\/2022\/09\/ben-seiler_avatar-96x96.jpeg\",\"url\":\"https:\/\/www.jobs.ch\/fr\/job-coach\/wp-content\/uploads\/2022\/09\/ben-seiler_avatar-96x96.jpeg\",\"contentUrl\":\"https:\/\/www.jobs.ch\/fr\/job-coach\/wp-content\/uploads\/2022\/09\/ben-seiler_avatar-96x96.jpeg\",\"caption\":\"Ben Seiler\"},\"url\":\"https:\/\/www.jobs.ch\/fr\/job-coach\/author\/benext\/\"}]}<\/script>\n<!-- \/ Yoast SEO plugin. -->","yoast_head_json":{"title":"Porte-\u00e0-porte \u2013 la pendularit\u00e9 en Suisse - Bienvenue sur le Job Coach, le guide consacr\u00e9 \u00e0 la recherche d\u2019emploi en Suisse","description":"Voiture, train ou transports publics ? Nous avons pris connaissance des comportements des Suisses en mati\u00e8re de pendularit\u00e9.","robots":{"index":"index","follow":"follow","max-snippet":"max-snippet:-1","max-image-preview":"max-image-preview:large","max-video-preview":"max-video-preview:-1"},"canonical":"https:\/\/www.jobs.ch\/fr\/job-coach\/porte-porte-la-pendularite-en-suisse\/","og_locale":"fr_FR","og_type":"article","og_title":"Porte-\u00e0-porte \u2013 la pendularit\u00e9 en Suisse - Bienvenue sur le Job Coach, le guide consacr\u00e9 \u00e0 la recherche d\u2019emploi en Suisse","og_description":"Voiture, train ou transports publics ? Nous avons pris connaissance des comportements des Suisses en mati\u00e8re de pendularit\u00e9.","og_url":"https:\/\/www.jobs.ch\/fr\/job-coach\/porte-porte-la-pendularite-en-suisse\/","og_site_name":"Bienvenue sur le Job Coach, le guide consacr\u00e9 \u00e0 la recherche d\u2019emploi en Suisse","article_published_time":"2017-04-20T07:18:57+00:00","og_image":[{"width":1024,"height":362,"url":"https:\/\/www.jobs.ch\/fr\/job-coach\/wp-content\/uploads\/2017\/02\/pendeln_fun-featured-1024x362-1484237118.jpg","type":"image\/jpeg"}],"author":"Ben Seiler","twitter_card":"summary_large_image","twitter_misc":{"\u00c9crit par":"Ben Seiler"},"schema":{"@context":"https:\/\/schema.org","@graph":[{"@type":"Article","@id":"https:\/\/www.jobs.ch\/fr\/job-coach\/porte-porte-la-pendularite-en-suisse\/#article","isPartOf":{"@id":"https:\/\/www.jobs.ch\/fr\/job-coach\/porte-porte-la-pendularite-en-suisse\/"},"author":{"name":"Ben Seiler","@id":"https:\/\/www.jobs.ch\/fr\/job-coach\/#\/schema\/person\/da81c923416bb257cc600f51ec3f1ab9"},"headline":"Porte-\u00e0-porte \u2013 la pendularit\u00e9 en Suisse","datePublished":"2017-04-20T07:18:57+00:00","mainEntityOfPage":{"@id":"https:\/\/www.jobs.ch\/fr\/job-coach\/porte-porte-la-pendularite-en-suisse\/"},"wordCount":7,"commentCount":0,"image":{"@id":"https:\/\/www.jobs.ch\/fr\/job-coach\/porte-porte-la-pendularite-en-suisse\/#primaryimage"},"thumbnailUrl":"https:\/\/www.jobs.ch\/fr\/job-coach\/wp-content\/uploads\/2017\/02\/pendeln_fun-featured-1024x362-1484237118.jpg","keywords":["pendularit\u00e9","trajets","transports publics"],"articleSection":["Etudes | Faits | Organisation du travail"],"inLanguage":"fr-FR","potentialAction":[{"@type":"CommentAction","name":"Comment","target":["https:\/\/www.jobs.ch\/fr\/job-coach\/porte-porte-la-pendularite-en-suisse\/#respond"]}]},{"@type":"WebPage","@id":"https:\/\/www.jobs.ch\/fr\/job-coach\/porte-porte-la-pendularite-en-suisse\/","url":"https:\/\/www.jobs.ch\/fr\/job-coach\/porte-porte-la-pendularite-en-suisse\/","name":"Porte-\u00e0-porte \u2013 la pendularit\u00e9 en Suisse - Bienvenue sur le Job Coach, le guide consacr\u00e9 \u00e0 la recherche d\u2019emploi en Suisse","isPartOf":{"@id":"https:\/\/www.jobs.ch\/fr\/job-coach\/#website"},"primaryImageOfPage":{"@id":"https:\/\/www.jobs.ch\/fr\/job-coach\/porte-porte-la-pendularite-en-suisse\/#primaryimage"},"image":{"@id":"https:\/\/www.jobs.ch\/fr\/job-coach\/porte-porte-la-pendularite-en-suisse\/#primaryimage"},"thumbnailUrl":"https:\/\/www.jobs.ch\/fr\/job-coach\/wp-content\/uploads\/2017\/02\/pendeln_fun-featured-1024x362-1484237118.jpg","datePublished":"2017-04-20T07:18:57+00:00","author":{"@id":"https:\/\/www.jobs.ch\/fr\/job-coach\/#\/schema\/person\/da81c923416bb257cc600f51ec3f1ab9"},"description":"Voiture, train ou transports publics ? Nous avons pris connaissance des comportements des Suisses en mati\u00e8re de pendularit\u00e9.","breadcrumb":{"@id":"https:\/\/www.jobs.ch\/fr\/job-coach\/porte-porte-la-pendularite-en-suisse\/#breadcrumb"},"inLanguage":"fr-FR","potentialAction":[{"@type":"ReadAction","target":["https:\/\/www.jobs.ch\/fr\/job-coach\/porte-porte-la-pendularite-en-suisse\/"]}]},{"@type":"ImageObject","inLanguage":"fr-FR","@id":"https:\/\/www.jobs.ch\/fr\/job-coach\/porte-porte-la-pendularite-en-suisse\/#primaryimage","url":"https:\/\/www.jobs.ch\/fr\/job-coach\/wp-content\/uploads\/2017\/02\/pendeln_fun-featured-1024x362-1484237118.jpg","contentUrl":"https:\/\/www.jobs.ch\/fr\/job-coach\/wp-content\/uploads\/2017\/02\/pendeln_fun-featured-1024x362-1484237118.jpg","width":1024,"height":362},{"@type":"BreadcrumbList","@id":"https:\/\/www.jobs.ch\/fr\/job-coach\/porte-porte-la-pendularite-en-suisse\/#breadcrumb","itemListElement":[{"@type":"ListItem","position":1,"name":"Home","item":"https:\/\/www.jobs.ch\/fr\/job-coach\/"},{"@type":"ListItem","position":2,"name":"Porte-\u00e0-porte \u2013 la pendularit\u00e9 en Suisse"}]},{"@type":"WebSite","@id":"https:\/\/www.jobs.ch\/fr\/job-coach\/#website","url":"https:\/\/www.jobs.ch\/fr\/job-coach\/","name":"Bienvenue sur le Job Coach, le guide consacr\u00e9 \u00e0 la recherche d\u2019emploi en Suisse","description":"","potentialAction":[{"@type":"SearchAction","target":{"@type":"EntryPoint","urlTemplate":"https:\/\/www.jobs.ch\/fr\/job-coach\/?s={search_term_string}"},"query-input":{"@type":"PropertyValueSpecification","valueRequired":true,"valueName":"search_term_string"}}],"inLanguage":"fr-FR"},{"@type":"Person","@id":"https:\/\/www.jobs.ch\/fr\/job-coach\/#\/schema\/person\/da81c923416bb257cc600f51ec3f1ab9","name":"Ben Seiler","image":{"@type":"ImageObject","inLanguage":"fr-FR","@id":"https:\/\/www.jobs.ch\/fr\/job-coach\/wp-content\/uploads\/2022\/09\/ben-seiler_avatar-96x96.jpeg","url":"https:\/\/www.jobs.ch\/fr\/job-coach\/wp-content\/uploads\/2022\/09\/ben-seiler_avatar-96x96.jpeg","contentUrl":"https:\/\/www.jobs.ch\/fr\/job-coach\/wp-content\/uploads\/2022\/09\/ben-seiler_avatar-96x96.jpeg","caption":"Ben Seiler"},"url":"https:\/\/www.jobs.ch\/fr\/job-coach\/author\/benext\/"}]}},"_links":{"self":[{"href":"https:\/\/www.jobs.ch\/fr\/job-coach\/wp-json\/wp\/v2\/posts\/5309","targetHints":{"allow":["GET"]}}],"collection":[{"href":"https:\/\/www.jobs.ch\/fr\/job-coach\/wp-json\/wp\/v2\/posts"}],"about":[{"href":"https:\/\/www.jobs.ch\/fr\/job-coach\/wp-json\/wp\/v2\/types\/post"}],"author":[{"embeddable":true,"href":"https:\/\/www.jobs.ch\/fr\/job-coach\/wp-json\/wp\/v2\/users\/5"}],"replies":[{"embeddable":true,"href":"https:\/\/www.jobs.ch\/fr\/job-coach\/wp-json\/wp\/v2\/comments?post=5309"}],"version-history":[{"count":0,"href":"https:\/\/www.jobs.ch\/fr\/job-coach\/wp-json\/wp\/v2\/posts\/5309\/revisions"}],"wp:featuredmedia":[{"embeddable":true,"href":"https:\/\/www.jobs.ch\/fr\/job-coach\/wp-json\/wp\/v2\/media\/5311"}],"wp:attachment":[{"href":"https:\/\/www.jobs.ch\/fr\/job-coach\/wp-json\/wp\/v2\/media?parent=5309"}],"wp:term":[{"taxonomy":"category","embeddable":true,"href":"https:\/\/www.jobs.ch\/fr\/job-coach\/wp-json\/wp\/v2\/categories?post=5309"},{"taxonomy":"post_tag","embeddable":true,"href":"https:\/\/www.jobs.ch\/fr\/job-coach\/wp-json\/wp\/v2\/tags?post=5309"}],"curies":[{"name":"wp","href":"https:\/\/api.w.org\/{rel}","templated":true}]}}