{"id":6330,"date":"2018-04-30T10:10:05","date_gmt":"2018-04-30T10:10:05","guid":{"rendered":"https:\/\/www.jobup.ch\/fr\/job-coach\/?p=6330"},"modified":"2018-04-30T10:10:05","modified_gmt":"2018-04-30T10:10:05","slug":"cv-de-cadre-privilegiez-la-qualite-la-quantite","status":"publish","type":"post","link":"https:\/\/www.jobs.ch\/fr\/job-coach\/cv-de-cadre-privilegiez-la-qualite-la-quantite\/","title":{"rendered":"CV de cadre: privil\u00e9giez la qualit\u00e9 \u00e0 la quantit\u00e9"},"content":{"rendered":"","protected":false},"excerpt":{"rendered":"","protected":false},"author":4,"featured_media":6332,"comment_status":"open","ping_status":"closed","sticky":false,"template":"","format":"standard","meta":{"_acf_changed":false,"footnotes":""},"categories":[18],"tags":[96,173,197,260],"class_list":["post-6330","post","type-post","status-publish","format-standard","has-post-thumbnail","hentry","category-pendant-la-candidature-cv-lettre-de-motivation","tag-cadres","tag-cv","tag-dirigeants","tag-experts"],"acf":[],"yoast_head":"<!-- This site is optimized with the Yoast SEO plugin v27.2 - https:\/\/yoast.com\/product\/yoast-seo-wordpress\/ -->\n<title>CV de cadre: privil\u00e9giez la qualit\u00e9 \u00e0 la quantit\u00e9 - Bienvenue sur le Job Coach, le guide consacr\u00e9 \u00e0 la recherche d\u2019emploi en Suisse<\/title>\n<meta name=\"description\" content=\"Sur un CV justement, il est important de se concentrer sur les \u00e9l\u00e9ments principaux. C\u2019est \u00e9galement valable pour les cadres.\" \/>\n<meta name=\"robots\" content=\"index, follow, max-snippet:-1, max-image-preview:large, max-video-preview:-1\" \/>\n<link rel=\"canonical\" href=\"https:\/\/www.jobs.ch\/fr\/job-coach\/cv-de-cadre-privilegiez-la-qualite-la-quantite\/\" \/>\n<meta property=\"og:locale\" content=\"fr_FR\" \/>\n<meta property=\"og:type\" content=\"article\" \/>\n<meta property=\"og:title\" content=\"CV de cadre: privil\u00e9giez la qualit\u00e9 \u00e0 la quantit\u00e9 - Bienvenue sur le Job Coach, le guide consacr\u00e9 \u00e0 la recherche d\u2019emploi en Suisse\" \/>\n<meta property=\"og:description\" content=\"Sur un CV justement, il est important de se concentrer sur les \u00e9l\u00e9ments principaux. C\u2019est \u00e9galement valable pour les cadres.\" \/>\n<meta property=\"og:url\" content=\"https:\/\/www.jobs.ch\/fr\/job-coach\/cv-de-cadre-privilegiez-la-qualite-la-quantite\/\" \/>\n<meta property=\"og:site_name\" content=\"Bienvenue sur le Job Coach, le guide consacr\u00e9 \u00e0 la recherche d\u2019emploi en Suisse\" \/>\n<meta property=\"article:published_time\" content=\"2018-04-30T10:10:05+00:00\" \/>\n<meta property=\"og:image\" content=\"https:\/\/www.jobs.ch\/fr\/job-coach\/wp-content\/uploads\/2018\/01\/qualitacc88t-statt-quantitacc88t-lebenslacc88ufe-fucc88r-kaderkracc88fte-1491835504-1500475977.jpg\" \/>\n\t<meta property=\"og:image:width\" content=\"996\" \/>\n\t<meta property=\"og:image:height\" content=\"455\" \/>\n\t<meta property=\"og:image:type\" content=\"image\/jpeg\" \/>\n<meta name=\"author\" content=\"Fanny Comba\" \/>\n<meta name=\"twitter:card\" content=\"summary_large_image\" \/>\n<meta name=\"twitter:label1\" content=\"\u00c9crit par\" \/>\n\t<meta name=\"twitter:data1\" content=\"Fanny Comba\" \/>\n<script type=\"application\/ld+json\" class=\"yoast-schema-graph\">{\"@context\":\"https:\/\/schema.org\",\"@graph\":[{\"@type\":\"Article\",\"@id\":\"https:\/\/www.jobs.ch\/fr\/job-coach\/cv-de-cadre-privilegiez-la-qualite-la-quantite\/#article\",\"isPartOf\":{\"@id\":\"https:\/\/www.jobs.ch\/fr\/job-coach\/cv-de-cadre-privilegiez-la-qualite-la-quantite\/\"},\"author\":{\"name\":\"Fanny Comba\",\"@id\":\"https:\/\/www.jobs.ch\/fr\/job-coach\/#\/schema\/person\/07cdc640ccbad021e012be9b5a3765c1\"},\"headline\":\"CV de cadre: privil\u00e9giez la qualit\u00e9 \u00e0 la quantit\u00e9\",\"datePublished\":\"2018-04-30T10:10:05+00:00\",\"mainEntityOfPage\":{\"@id\":\"https:\/\/www.jobs.ch\/fr\/job-coach\/cv-de-cadre-privilegiez-la-qualite-la-quantite\/\"},\"wordCount\":9,\"commentCount\":0,\"image\":{\"@id\":\"https:\/\/www.jobs.ch\/fr\/job-coach\/cv-de-cadre-privilegiez-la-qualite-la-quantite\/#primaryimage\"},\"thumbnailUrl\":\"https:\/\/www.jobs.ch\/fr\/job-coach\/wp-content\/uploads\/2018\/01\/qualitacc88t-statt-quantitacc88t-lebenslacc88ufe-fucc88r-kaderkracc88fte-1491835504-1500475977.jpg\",\"keywords\":[\"cadres\",\"CV\",\"dirigeants\",\"experts\"],\"articleSection\":[\"Pendant la candidature | CV | Lettre de motivation\"],\"inLanguage\":\"fr-FR\",\"potentialAction\":[{\"@type\":\"CommentAction\",\"name\":\"Comment\",\"target\":[\"https:\/\/www.jobs.ch\/fr\/job-coach\/cv-de-cadre-privilegiez-la-qualite-la-quantite\/#respond\"]}]},{\"@type\":\"WebPage\",\"@id\":\"https:\/\/www.jobs.ch\/fr\/job-coach\/cv-de-cadre-privilegiez-la-qualite-la-quantite\/\",\"url\":\"https:\/\/www.jobs.ch\/fr\/job-coach\/cv-de-cadre-privilegiez-la-qualite-la-quantite\/\",\"name\":\"CV de cadre: privil\u00e9giez la qualit\u00e9 \u00e0 la quantit\u00e9 - Bienvenue sur le Job Coach, le guide consacr\u00e9 \u00e0 la recherche d\u2019emploi en Suisse\",\"isPartOf\":{\"@id\":\"https:\/\/www.jobs.ch\/fr\/job-coach\/#website\"},\"primaryImageOfPage\":{\"@id\":\"https:\/\/www.jobs.ch\/fr\/job-coach\/cv-de-cadre-privilegiez-la-qualite-la-quantite\/#primaryimage\"},\"image\":{\"@id\":\"https:\/\/www.jobs.ch\/fr\/job-coach\/cv-de-cadre-privilegiez-la-qualite-la-quantite\/#primaryimage\"},\"thumbnailUrl\":\"https:\/\/www.jobs.ch\/fr\/job-coach\/wp-content\/uploads\/2018\/01\/qualitacc88t-statt-quantitacc88t-lebenslacc88ufe-fucc88r-kaderkracc88fte-1491835504-1500475977.jpg\",\"datePublished\":\"2018-04-30T10:10:05+00:00\",\"author\":{\"@id\":\"https:\/\/www.jobs.ch\/fr\/job-coach\/#\/schema\/person\/07cdc640ccbad021e012be9b5a3765c1\"},\"description\":\"Sur un CV justement, il est important de se concentrer sur les \u00e9l\u00e9ments principaux. C\u2019est \u00e9galement valable pour les cadres.\",\"breadcrumb\":{\"@id\":\"https:\/\/www.jobs.ch\/fr\/job-coach\/cv-de-cadre-privilegiez-la-qualite-la-quantite\/#breadcrumb\"},\"inLanguage\":\"fr-FR\",\"potentialAction\":[{\"@type\":\"ReadAction\",\"target\":[\"https:\/\/www.jobs.ch\/fr\/job-coach\/cv-de-cadre-privilegiez-la-qualite-la-quantite\/\"]}]},{\"@type\":\"ImageObject\",\"inLanguage\":\"fr-FR\",\"@id\":\"https:\/\/www.jobs.ch\/fr\/job-coach\/cv-de-cadre-privilegiez-la-qualite-la-quantite\/#primaryimage\",\"url\":\"https:\/\/www.jobs.ch\/fr\/job-coach\/wp-content\/uploads\/2018\/01\/qualitacc88t-statt-quantitacc88t-lebenslacc88ufe-fucc88r-kaderkracc88fte-1491835504-1500475977.jpg\",\"contentUrl\":\"https:\/\/www.jobs.ch\/fr\/job-coach\/wp-content\/uploads\/2018\/01\/qualitacc88t-statt-quantitacc88t-lebenslacc88ufe-fucc88r-kaderkracc88fte-1491835504-1500475977.jpg\",\"width\":996,\"height\":455,\"caption\":\"Homme cr\u00e9ant son CV\"},{\"@type\":\"BreadcrumbList\",\"@id\":\"https:\/\/www.jobs.ch\/fr\/job-coach\/cv-de-cadre-privilegiez-la-qualite-la-quantite\/#breadcrumb\",\"itemListElement\":[{\"@type\":\"ListItem\",\"position\":1,\"name\":\"Home\",\"item\":\"https:\/\/www.jobs.ch\/fr\/job-coach\/\"},{\"@type\":\"ListItem\",\"position\":2,\"name\":\"CV de cadre: privil\u00e9giez la qualit\u00e9 \u00e0 la quantit\u00e9\"}]},{\"@type\":\"WebSite\",\"@id\":\"https:\/\/www.jobs.ch\/fr\/job-coach\/#website\",\"url\":\"https:\/\/www.jobs.ch\/fr\/job-coach\/\",\"name\":\"Bienvenue sur le Job Coach, le guide consacr\u00e9 \u00e0 la recherche d\u2019emploi en Suisse\",\"description\":\"\",\"potentialAction\":[{\"@type\":\"SearchAction\",\"target\":{\"@type\":\"EntryPoint\",\"urlTemplate\":\"https:\/\/www.jobs.ch\/fr\/job-coach\/?s={search_term_string}\"},\"query-input\":{\"@type\":\"PropertyValueSpecification\",\"valueRequired\":true,\"valueName\":\"search_term_string\"}}],\"inLanguage\":\"fr-FR\"},{\"@type\":\"Person\",\"@id\":\"https:\/\/www.jobs.ch\/fr\/job-coach\/#\/schema\/person\/07cdc640ccbad021e012be9b5a3765c1\",\"name\":\"Fanny Comba\",\"image\":{\"@type\":\"ImageObject\",\"inLanguage\":\"fr-FR\",\"@id\":\"https:\/\/www.jobs.ch\/fr\/job-coach\/wp-content\/uploads\/2022\/09\/fanny-comba_avatar-96x96.png\",\"url\":\"https:\/\/www.jobs.ch\/fr\/job-coach\/wp-content\/uploads\/2022\/09\/fanny-comba_avatar-96x96.png\",\"contentUrl\":\"https:\/\/www.jobs.ch\/fr\/job-coach\/wp-content\/uploads\/2022\/09\/fanny-comba_avatar-96x96.png\",\"caption\":\"Fanny Comba\"},\"url\":\"https:\/\/www.jobs.ch\/fr\/job-coach\/author\/fanny\/\"}]}<\/script>\n<!-- \/ Yoast SEO plugin. -->","yoast_head_json":{"title":"CV de cadre: privil\u00e9giez la qualit\u00e9 \u00e0 la quantit\u00e9 - Bienvenue sur le Job Coach, le guide consacr\u00e9 \u00e0 la recherche d\u2019emploi en Suisse","description":"Sur un CV justement, il est important de se concentrer sur les \u00e9l\u00e9ments principaux. C\u2019est \u00e9galement valable pour les cadres.","robots":{"index":"index","follow":"follow","max-snippet":"max-snippet:-1","max-image-preview":"max-image-preview:large","max-video-preview":"max-video-preview:-1"},"canonical":"https:\/\/www.jobs.ch\/fr\/job-coach\/cv-de-cadre-privilegiez-la-qualite-la-quantite\/","og_locale":"fr_FR","og_type":"article","og_title":"CV de cadre: privil\u00e9giez la qualit\u00e9 \u00e0 la quantit\u00e9 - Bienvenue sur le Job Coach, le guide consacr\u00e9 \u00e0 la recherche d\u2019emploi en Suisse","og_description":"Sur un CV justement, il est important de se concentrer sur les \u00e9l\u00e9ments principaux. C\u2019est \u00e9galement valable pour les cadres.","og_url":"https:\/\/www.jobs.ch\/fr\/job-coach\/cv-de-cadre-privilegiez-la-qualite-la-quantite\/","og_site_name":"Bienvenue sur le Job Coach, le guide consacr\u00e9 \u00e0 la recherche d\u2019emploi en Suisse","article_published_time":"2018-04-30T10:10:05+00:00","og_image":[{"width":996,"height":455,"url":"https:\/\/www.jobs.ch\/fr\/job-coach\/wp-content\/uploads\/2018\/01\/qualitacc88t-statt-quantitacc88t-lebenslacc88ufe-fucc88r-kaderkracc88fte-1491835504-1500475977.jpg","type":"image\/jpeg"}],"author":"Fanny Comba","twitter_card":"summary_large_image","twitter_misc":{"\u00c9crit par":"Fanny Comba"},"schema":{"@context":"https:\/\/schema.org","@graph":[{"@type":"Article","@id":"https:\/\/www.jobs.ch\/fr\/job-coach\/cv-de-cadre-privilegiez-la-qualite-la-quantite\/#article","isPartOf":{"@id":"https:\/\/www.jobs.ch\/fr\/job-coach\/cv-de-cadre-privilegiez-la-qualite-la-quantite\/"},"author":{"name":"Fanny Comba","@id":"https:\/\/www.jobs.ch\/fr\/job-coach\/#\/schema\/person\/07cdc640ccbad021e012be9b5a3765c1"},"headline":"CV de cadre: privil\u00e9giez la qualit\u00e9 \u00e0 la quantit\u00e9","datePublished":"2018-04-30T10:10:05+00:00","mainEntityOfPage":{"@id":"https:\/\/www.jobs.ch\/fr\/job-coach\/cv-de-cadre-privilegiez-la-qualite-la-quantite\/"},"wordCount":9,"commentCount":0,"image":{"@id":"https:\/\/www.jobs.ch\/fr\/job-coach\/cv-de-cadre-privilegiez-la-qualite-la-quantite\/#primaryimage"},"thumbnailUrl":"https:\/\/www.jobs.ch\/fr\/job-coach\/wp-content\/uploads\/2018\/01\/qualitacc88t-statt-quantitacc88t-lebenslacc88ufe-fucc88r-kaderkracc88fte-1491835504-1500475977.jpg","keywords":["cadres","CV","dirigeants","experts"],"articleSection":["Pendant la candidature | CV | Lettre de motivation"],"inLanguage":"fr-FR","potentialAction":[{"@type":"CommentAction","name":"Comment","target":["https:\/\/www.jobs.ch\/fr\/job-coach\/cv-de-cadre-privilegiez-la-qualite-la-quantite\/#respond"]}]},{"@type":"WebPage","@id":"https:\/\/www.jobs.ch\/fr\/job-coach\/cv-de-cadre-privilegiez-la-qualite-la-quantite\/","url":"https:\/\/www.jobs.ch\/fr\/job-coach\/cv-de-cadre-privilegiez-la-qualite-la-quantite\/","name":"CV de cadre: privil\u00e9giez la qualit\u00e9 \u00e0 la quantit\u00e9 - Bienvenue sur le Job Coach, le guide consacr\u00e9 \u00e0 la recherche d\u2019emploi en Suisse","isPartOf":{"@id":"https:\/\/www.jobs.ch\/fr\/job-coach\/#website"},"primaryImageOfPage":{"@id":"https:\/\/www.jobs.ch\/fr\/job-coach\/cv-de-cadre-privilegiez-la-qualite-la-quantite\/#primaryimage"},"image":{"@id":"https:\/\/www.jobs.ch\/fr\/job-coach\/cv-de-cadre-privilegiez-la-qualite-la-quantite\/#primaryimage"},"thumbnailUrl":"https:\/\/www.jobs.ch\/fr\/job-coach\/wp-content\/uploads\/2018\/01\/qualitacc88t-statt-quantitacc88t-lebenslacc88ufe-fucc88r-kaderkracc88fte-1491835504-1500475977.jpg","datePublished":"2018-04-30T10:10:05+00:00","author":{"@id":"https:\/\/www.jobs.ch\/fr\/job-coach\/#\/schema\/person\/07cdc640ccbad021e012be9b5a3765c1"},"description":"Sur un CV justement, il est important de se concentrer sur les \u00e9l\u00e9ments principaux. C\u2019est \u00e9galement valable pour les cadres.","breadcrumb":{"@id":"https:\/\/www.jobs.ch\/fr\/job-coach\/cv-de-cadre-privilegiez-la-qualite-la-quantite\/#breadcrumb"},"inLanguage":"fr-FR","potentialAction":[{"@type":"ReadAction","target":["https:\/\/www.jobs.ch\/fr\/job-coach\/cv-de-cadre-privilegiez-la-qualite-la-quantite\/"]}]},{"@type":"ImageObject","inLanguage":"fr-FR","@id":"https:\/\/www.jobs.ch\/fr\/job-coach\/cv-de-cadre-privilegiez-la-qualite-la-quantite\/#primaryimage","url":"https:\/\/www.jobs.ch\/fr\/job-coach\/wp-content\/uploads\/2018\/01\/qualitacc88t-statt-quantitacc88t-lebenslacc88ufe-fucc88r-kaderkracc88fte-1491835504-1500475977.jpg","contentUrl":"https:\/\/www.jobs.ch\/fr\/job-coach\/wp-content\/uploads\/2018\/01\/qualitacc88t-statt-quantitacc88t-lebenslacc88ufe-fucc88r-kaderkracc88fte-1491835504-1500475977.jpg","width":996,"height":455,"caption":"Homme cr\u00e9ant son CV"},{"@type":"BreadcrumbList","@id":"https:\/\/www.jobs.ch\/fr\/job-coach\/cv-de-cadre-privilegiez-la-qualite-la-quantite\/#breadcrumb","itemListElement":[{"@type":"ListItem","position":1,"name":"Home","item":"https:\/\/www.jobs.ch\/fr\/job-coach\/"},{"@type":"ListItem","position":2,"name":"CV de cadre: privil\u00e9giez la qualit\u00e9 \u00e0 la quantit\u00e9"}]},{"@type":"WebSite","@id":"https:\/\/www.jobs.ch\/fr\/job-coach\/#website","url":"https:\/\/www.jobs.ch\/fr\/job-coach\/","name":"Bienvenue sur le Job Coach, le guide consacr\u00e9 \u00e0 la recherche d\u2019emploi en Suisse","description":"","potentialAction":[{"@type":"SearchAction","target":{"@type":"EntryPoint","urlTemplate":"https:\/\/www.jobs.ch\/fr\/job-coach\/?s={search_term_string}"},"query-input":{"@type":"PropertyValueSpecification","valueRequired":true,"valueName":"search_term_string"}}],"inLanguage":"fr-FR"},{"@type":"Person","@id":"https:\/\/www.jobs.ch\/fr\/job-coach\/#\/schema\/person\/07cdc640ccbad021e012be9b5a3765c1","name":"Fanny Comba","image":{"@type":"ImageObject","inLanguage":"fr-FR","@id":"https:\/\/www.jobs.ch\/fr\/job-coach\/wp-content\/uploads\/2022\/09\/fanny-comba_avatar-96x96.png","url":"https:\/\/www.jobs.ch\/fr\/job-coach\/wp-content\/uploads\/2022\/09\/fanny-comba_avatar-96x96.png","contentUrl":"https:\/\/www.jobs.ch\/fr\/job-coach\/wp-content\/uploads\/2022\/09\/fanny-comba_avatar-96x96.png","caption":"Fanny Comba"},"url":"https:\/\/www.jobs.ch\/fr\/job-coach\/author\/fanny\/"}]}},"_links":{"self":[{"href":"https:\/\/www.jobs.ch\/fr\/job-coach\/wp-json\/wp\/v2\/posts\/6330","targetHints":{"allow":["GET"]}}],"collection":[{"href":"https:\/\/www.jobs.ch\/fr\/job-coach\/wp-json\/wp\/v2\/posts"}],"about":[{"href":"https:\/\/www.jobs.ch\/fr\/job-coach\/wp-json\/wp\/v2\/types\/post"}],"author":[{"embeddable":true,"href":"https:\/\/www.jobs.ch\/fr\/job-coach\/wp-json\/wp\/v2\/users\/4"}],"replies":[{"embeddable":true,"href":"https:\/\/www.jobs.ch\/fr\/job-coach\/wp-json\/wp\/v2\/comments?post=6330"}],"version-history":[{"count":0,"href":"https:\/\/www.jobs.ch\/fr\/job-coach\/wp-json\/wp\/v2\/posts\/6330\/revisions"}],"wp:featuredmedia":[{"embeddable":true,"href":"https:\/\/www.jobs.ch\/fr\/job-coach\/wp-json\/wp\/v2\/media\/6332"}],"wp:attachment":[{"href":"https:\/\/www.jobs.ch\/fr\/job-coach\/wp-json\/wp\/v2\/media?parent=6330"}],"wp:term":[{"taxonomy":"category","embeddable":true,"href":"https:\/\/www.jobs.ch\/fr\/job-coach\/wp-json\/wp\/v2\/categories?post=6330"},{"taxonomy":"post_tag","embeddable":true,"href":"https:\/\/www.jobs.ch\/fr\/job-coach\/wp-json\/wp\/v2\/tags?post=6330"}],"curies":[{"name":"wp","href":"https:\/\/api.w.org\/{rel}","templated":true}]}}